{"id":1407,"date":"2023-02-13T17:53:36","date_gmt":"2023-02-13T16:53:36","guid":{"rendered":"https:\/\/ordenacionessacerdotales.legionariosdecristo.org\/2023\/?p=1407"},"modified":"2023-02-21T19:58:01","modified_gmt":"2023-02-21T18:58:01","slug":"pablo-lorenzo-penalva-lc","status":"publish","type":"post","link":"https:\/\/ordenacionessacerdotales.legionariosdecristo.org\/2023\/pablo-lorenzo-penalva-lc\/","title":{"rendered":"Pablo Lorenzo-Penalva, LC"},"content":{"rendered":"\t\t<div data-elementor-type=\"wp-post\" data-elementor-id=\"1407\" class=\"elementor elementor-1407\">\n\t\t\t\t\t\t\t\t\t<section class=\"elementor-section elementor-top-section elementor-element elementor-element-6eeaba2 elementor-section-boxed elementor-section-height-default elementor-section-height-default\" data-id=\"6eeaba2\" data-element_type=\"section\">\n\t\t\t\t\t\t<div class=\"elementor-container elementor-column-gap-default\">\n\t\t\t\t\t<div class=\"elementor-column elementor-col-33 elementor-top-column elementor-element elementor-element-48fb660\" data-id=\"48fb660\" data-element_type=\"column\">\n\t\t\t<div class=\"elementor-widget-wrap elementor-element-populated\">\n\t\t\t\t\t\t\t\t<div class=\"elementor-element elementor-element-12abf39 elementor-invisible elementor-widget elementor-widget-image\" data-id=\"12abf39\" data-element_type=\"widget\" data-settings=\"{&quot;_animation&quot;:&quot;fadeIn&quot;}\" data-widget_type=\"image.default\">\n\t\t\t\t<div class=\"elementor-widget-container\">\n\t\t\t<style>\/*! elementor - v3.13.2 - 11-05-2023 *\/\n.elementor-widget-image{text-align:center}.elementor-widget-image a{display:inline-block}.elementor-widget-image a img[src$=\".svg\"]{width:48px}.elementor-widget-image img{vertical-align:middle;display:inline-block}<\/style>\t\t\t\t\t\t\t\t\t\t\t\t<img loading=\"lazy\" decoding=\"async\" width=\"600\" height=\"600\" src=\"https:\/\/ordenacionessacerdotales.legionariosdecristo.org\/2023\/wp-content\/uploads\/2023\/02\/Pablo-Lorenzo-Penalva.jpg\" class=\"attachment-full size-full wp-image-1416\" alt=\"\" srcset=\"https:\/\/ordenacionessacerdotales.legionariosdecristo.org\/2023\/wp-content\/uploads\/2023\/02\/Pablo-Lorenzo-Penalva.jpg 600w, https:\/\/ordenacionessacerdotales.legionariosdecristo.org\/2023\/wp-content\/uploads\/2023\/02\/Pablo-Lorenzo-Penalva-300x300.jpg 300w, https:\/\/ordenacionessacerdotales.legionariosdecristo.org\/2023\/wp-content\/uploads\/2023\/02\/Pablo-Lorenzo-Penalva-150x150.jpg 150w\" sizes=\"auto, (max-width: 600px) 100vw, 600px\" \/>\t\t\t\t\t\t\t\t\t\t\t\t\t\t\t<\/div>\n\t\t\t\t<\/div>\n\t\t\t\t\t<\/div>\n\t\t<\/div>\n\t\t\t\t<div class=\"elementor-column elementor-col-66 elementor-top-column elementor-element elementor-element-bc703f3\" data-id=\"bc703f3\" data-element_type=\"column\">\n\t\t\t<div class=\"elementor-widget-wrap elementor-element-populated\">\n\t\t\t\t\t\t\t\t<div class=\"elementor-element elementor-element-6443b0a elementor-widget elementor-widget-text-editor\" data-id=\"6443b0a\" data-element_type=\"widget\" data-widget_type=\"text-editor.default\">\n\t\t\t\t<div class=\"elementor-widget-container\">\n\t\t\t<style>\/*! elementor - v3.13.2 - 11-05-2023 *\/\n.elementor-widget-text-editor.elementor-drop-cap-view-stacked .elementor-drop-cap{background-color:#69727d;color:#fff}.elementor-widget-text-editor.elementor-drop-cap-view-framed .elementor-drop-cap{color:#69727d;border:3px solid;background-color:transparent}.elementor-widget-text-editor:not(.elementor-drop-cap-view-default) .elementor-drop-cap{margin-top:8px}.elementor-widget-text-editor:not(.elementor-drop-cap-view-default) .elementor-drop-cap-letter{width:1em;height:1em}.elementor-widget-text-editor .elementor-drop-cap{float:left;text-align:center;line-height:1;font-size:50px}.elementor-widget-text-editor .elementor-drop-cap-letter{display:inline-block}<\/style>\t\t\t\t<p><strong>Mi curr\u00edculum:<\/strong><\/p><p>El P. Pablo fue alumno desde la primaria, del colegio Real Monasterio de Santa Isabel. Uno de los dos colegios que el Regnum Christi tiene en Barcelona. Tambi\u00e9n fue miembro de las cuatro etapas del ECYD y en el 2005 hizo su adhesi\u00f3n al Regnum Christi.<\/p><p>Despu\u00e9s de terminar el colegio (2008) ingres\u00f3 al noviciado de los Legionarios de Cristo en Salamanca, Espa\u00f1a. En este centro tambi\u00e9n curs\u00f3 los estudios human\u00edsticos (2010-2011). Luego pas\u00f3 a Roma, Italia para estudiar el bachillerato en filosof\u00eda en el Ateneo Regina Apostolorum (2011-2013). Del 2013 al 2016 realiz\u00f3 sus pr\u00e1cticas apost\u00f3licas como auxiliar del ECYD e instructor de formaci\u00f3n del colegio Everest de Curitiba, Brasil. Durante ese periodo tambi\u00e9n apoy\u00f3 en la pastoral vocacional de dicha localidad. Del 2016 al 2018 volvi\u00f3 a Roma para estudiar la licenciatura en filosof\u00eda en el Ateneo Regina Apostolorum. El 20 de agosto de 2018 hizo su profesi\u00f3n perpetua en Roma. Posteriormente inici\u00f3 el bachillerato en teolog\u00eda (2018-2020) en el Ateneo anteriormente mencionado. Durante el curso escolar 2020-2021 realiz\u00f3 otro per\u00edodo de pastoral en Washington DC, EE.UU, donde fue auxiliar del ECYD. En 2022 termin\u00f3 su bachillerato en teolog\u00eda en el Ateneo Regina Apostolorum, en Roma, Italia. El 9 de julio del 2022 fue ordenado di\u00e1cono en Barcelona y tras su ordenaci\u00f3n lleg\u00f3 a Brasilia para iniciar su ministerio diaconal y posteriormente sacerdotal, como director del ECYD y auxiliar de la secci\u00f3n de j\u00f3venes de dicha localidad.<\/p><p><strong>Mi testimonio:<\/strong><\/p><p>El llamado que me hizo Dios de invitarme a entregarle mi vida sirvi\u00e9ndole como sacerdote Legionario de Cristo, fue durante las misiones de Semana Santa del a\u00f1o 2008. Me encontraba misionando en unas aldeas del Pirineo aragon\u00e9s, junto a algunos amigos de la secci\u00f3n de j\u00f3venes del Regnum Christi de Barcelona, y el sacerdote encargado de las misiones me pidi\u00f3 acompa\u00f1arle, junto a un colaborador -que hoy es sacerdote Legionario de Cristo- para visitar unos pueblos y avisar a los lugare\u00f1os sobre los horarios de la liturgia de la Semana Santa. El colaborador y yo llegamos a un pueblo y encontramos a un se\u00f1or sentado en la entrada de su casa, le dimos la informaci\u00f3n que nos hab\u00eda pedido el sacerdote y nos mir\u00f3 asombrado, dici\u00e9ndonos que en aqu\u00e9l pueblo hacia mucho tiempo que no se celebraba la Semana Santa, debido a la falta de sacerdotes en la regi\u00f3n. El saber que en Espa\u00f1a -pa\u00eds con el mayor n\u00famero de misioneros del planeta y evangelizadora de medio mundo- hab\u00eda falta de sacerdotes me dej\u00f3 perplejo y preocupado. Y fue all\u00ed donde Dios empez\u00f3 a invitarme a dejarlo todo y a seguirle.<\/p><p>Acabaron las misiones, volv\u00ed a Barcelona -ciudad donde nac\u00ed y crec\u00ed- para terminar el \u00faltimo a\u00f1o del bachillerato y poder entrar en la universidad, y la inquietud vocacional cada vez iba a m\u00e1s.<\/p><p>Para entender lo que Dios me estaba pidiendo aument\u00e9 la frecuencia de la direcci\u00f3n espiritual y de los actos de piedad, pues es en el silencio de la oraci\u00f3n donde mejor se escucha la voz de Dios.<\/p><p>Lo m\u00e1s dif\u00edcil fue decirle a mis familiares y amigos que durante el verano del a\u00f1o 2008 me iba al candidatado, para hacer una experiencia en el seminario y ver si verdaderamente Dios me llamaba al sacerdocio. Contar con el apoyo de mis familiares y amigos fue fundamental. Siempre he estado convencido de que fue gracias al terreno f\u00e9rtil (familia y amistades cat\u00f3licas) que recib\u00ed, que Dios pudo plantar la semilla de la vocaci\u00f3n y que ahora, despu\u00e9s de catorce a\u00f1os como seminarista -a\u00f1os de muchas experiencias, desaf\u00edos y aprendizaje-, donde dicha semilla ha crecido, est\u00e1 ya lista para dar frutos a trav\u00e9s del sacramento del sacerdocio, que el s\u00e1bado 29 de abril recibir\u00e9.<\/p><p>Concluyo \u00e9ste testimonio convencido de que Dios no escoge a los preparados, sino que prepara a sus escogidos. Cu\u00e1nta raz\u00f3n ten\u00eda San Pablo al decir en 2 Corintios 12,9 &#8220;Te basta Mi gracia&#8221;.<\/p><p>Querido lector, si has llegado hasta aqu\u00ed te lo agradezco y te pido que reces un Ave Mar\u00eda por todos los sacerdotes, especialmente por los que vamos a ser ordenados, para que nunca olvidemos que la manera m\u00e1s eficaz de llegar a Jes\u00fas es atrav\u00e9s de Su Madre Mar\u00eda.<\/p><p>&#8220;Ad Iesum per Mariam&#8221;.<\/p><p>\u00a0<\/p>\t\t\t\t\t\t<\/div>\n\t\t\t\t<\/div>\n\t\t\t\t\t<\/div>\n\t\t<\/div>\n\t\t\t\t\t\t\t<\/div>\n\t\t<\/section>\n\t\t\t\t\t\t\t<\/div>\n\t\t","protected":false},"excerpt":{"rendered":"<p>Mi curr\u00edculum: El P. Pablo fue alumno desde la primaria, del colegio Real Monasterio de Santa Isabel. Uno de los dos colegios que el Regnum Christi tiene en Barcelona. Tambi\u00e9n fue miembro de las cuatro etapas del ECYD y en el 2005 hizo su adhesi\u00f3n al Regnum Christi. Despu\u00e9s de terminar el colegio (2008) ingres\u00f3 &hellip;<\/p>\n<p class=\"read-more\"> <a class=\"\" href=\"https:\/\/ordenacionessacerdotales.legionariosdecristo.org\/2023\/pablo-lorenzo-penalva-lc\/\"> <span class=\"screen-reader-text\">Pablo Lorenzo-Penalva, LC<\/span> Read More \u00bb<\/a><\/p>\n","protected":false},"author":1,"featured_media":0,"comment_status":"closed","ping_status":"open","sticky":false,"template":"","format":"standard","meta":{"site-sidebar-layout":"no-sidebar","site-content-layout":"default","ast-global-header-display":"","ast-banner-title-visibility":"","ast-main-header-display":"","ast-hfb-above-header-display":"","ast-hfb-below-header-display":"","ast-hfb-mobile-header-display":"","site-post-title":"","ast-breadcrumbs-content":"","ast-featured-img":"","footer-sml-layout":"","theme-transparent-header-meta":"","adv-header-id-meta":"","stick-header-meta":"","header-above-stick-meta":null,"header-main-stick-meta":"","header-below-stick-meta":null,"footnotes":""},"categories":[7,8],"tags":[],"class_list":["post-1407","post","type-post","status-publish","format-standard","hentry","category-ordenandos-2023","category-testimonios"],"yoast_head":"<!-- This site is optimized with the Yoast SEO plugin v20.7 - https:\/\/yoast.com\/wordpress\/plugins\/seo\/ -->\n<title>Pablo Lorenzo-Penalva, LC - Ordenaciones Sacerdotales<\/title>\n<meta name=\"robots\" content=\"index, follow, max-snippet:-1, max-image-preview:large, max-video-preview:-1\" \/>\n<link rel=\"canonical\" href=\"https:\/\/ordenacionessacerdotales.legionariosdecristo.org\/2023\/pablo-lorenzo-penalva-lc\/\" \/>\n<meta property=\"og:locale\" content=\"es_MX\" \/>\n<meta property=\"og:type\" content=\"article\" \/>\n<meta property=\"og:title\" content=\"Pablo Lorenzo-Penalva, LC - Ordenaciones Sacerdotales\" \/>\n<meta property=\"og:description\" content=\"Mi curr\u00edculum: El P. Pablo fue alumno desde la primaria, del colegio Real Monasterio de Santa Isabel. Uno de los dos colegios que el Regnum Christi tiene en Barcelona. Tambi\u00e9n fue miembro de las cuatro etapas del ECYD y en el 2005 hizo su adhesi\u00f3n al Regnum Christi. Despu\u00e9s de terminar el colegio (2008) ingres\u00f3 &hellip; Pablo Lorenzo-Penalva, LC Read More \u00bb\" \/>\n<meta property=\"og:url\" content=\"https:\/\/ordenacionessacerdotales.legionariosdecristo.org\/2023\/pablo-lorenzo-penalva-lc\/\" \/>\n<meta property=\"og:site_name\" content=\"Ordenaciones Sacerdotales\" \/>\n<meta property=\"article:published_time\" content=\"2023-02-13T16:53:36+00:00\" \/>\n<meta property=\"article:modified_time\" content=\"2023-02-21T18:58:01+00:00\" \/>\n<meta property=\"og:image\" content=\"https:\/\/ordenacionessacerdotales.legionariosdecristo.org\/2023\/wp-content\/uploads\/2023\/02\/Pablo-Lorenzo-Penalva.jpg\" \/>\n<meta name=\"author\" content=\"admin\" \/>\n<meta name=\"twitter:card\" content=\"summary_large_image\" \/>\n<meta name=\"twitter:label1\" content=\"Escrito por\" \/>\n\t<meta name=\"twitter:data1\" content=\"admin\" \/>\n\t<meta name=\"twitter:label2\" content=\"Tiempo de lectura\" \/>\n\t<meta name=\"twitter:data2\" content=\"4 minutos\" \/>\n<script type=\"application\/ld+json\" class=\"yoast-schema-graph\">{\"@context\":\"https:\/\/schema.org\",\"@graph\":[{\"@type\":\"Article\",\"@id\":\"https:\/\/ordenacionessacerdotales.legionariosdecristo.org\/2023\/pablo-lorenzo-penalva-lc\/#article\",\"isPartOf\":{\"@id\":\"https:\/\/ordenacionessacerdotales.legionariosdecristo.org\/2023\/pablo-lorenzo-penalva-lc\/\"},\"author\":{\"name\":\"admin\",\"@id\":\"https:\/\/ordenacionessacerdotales.legionariosdecristo.org\/2023\/#\/schema\/person\/fee700e77edbe6c1214ff716e92f252d\"},\"headline\":\"Pablo Lorenzo-Penalva, LC\",\"datePublished\":\"2023-02-13T16:53:36+00:00\",\"dateModified\":\"2023-02-21T18:58:01+00:00\",\"mainEntityOfPage\":{\"@id\":\"https:\/\/ordenacionessacerdotales.legionariosdecristo.org\/2023\/pablo-lorenzo-penalva-lc\/\"},\"wordCount\":755,\"publisher\":{\"@id\":\"https:\/\/ordenacionessacerdotales.legionariosdecristo.org\/2023\/#organization\"},\"articleSection\":[\"Ordenandos 2023\",\"Testimonios\"],\"inLanguage\":\"es\"},{\"@type\":\"WebPage\",\"@id\":\"https:\/\/ordenacionessacerdotales.legionariosdecristo.org\/2023\/pablo-lorenzo-penalva-lc\/\",\"url\":\"https:\/\/ordenacionessacerdotales.legionariosdecristo.org\/2023\/pablo-lorenzo-penalva-lc\/\",\"name\":\"Pablo Lorenzo-Penalva, LC - Ordenaciones Sacerdotales\",\"isPartOf\":{\"@id\":\"https:\/\/ordenacionessacerdotales.legionariosdecristo.org\/2023\/#website\"},\"datePublished\":\"2023-02-13T16:53:36+00:00\",\"dateModified\":\"2023-02-21T18:58:01+00:00\",\"breadcrumb\":{\"@id\":\"https:\/\/ordenacionessacerdotales.legionariosdecristo.org\/2023\/pablo-lorenzo-penalva-lc\/#breadcrumb\"},\"inLanguage\":\"es\",\"potentialAction\":[{\"@type\":\"ReadAction\",\"target\":[\"https:\/\/ordenacionessacerdotales.legionariosdecristo.org\/2023\/pablo-lorenzo-penalva-lc\/\"]}]},{\"@type\":\"BreadcrumbList\",\"@id\":\"https:\/\/ordenacionessacerdotales.legionariosdecristo.org\/2023\/pablo-lorenzo-penalva-lc\/#breadcrumb\",\"itemListElement\":[{\"@type\":\"ListItem\",\"position\":1,\"name\":\"Inicio\",\"item\":\"https:\/\/ordenacionessacerdotales.legionariosdecristo.org\/2023\/\"},{\"@type\":\"ListItem\",\"position\":2,\"name\":\"Pablo Lorenzo-Penalva, LC\"}]},{\"@type\":\"WebSite\",\"@id\":\"https:\/\/ordenacionessacerdotales.legionariosdecristo.org\/2023\/#website\",\"url\":\"https:\/\/ordenacionessacerdotales.legionariosdecristo.org\/2023\/\",\"name\":\"Ordenaciones Sacerdotales\",\"description\":\"Roma 2023\",\"publisher\":{\"@id\":\"https:\/\/ordenacionessacerdotales.legionariosdecristo.org\/2023\/#organization\"},\"potentialAction\":[{\"@type\":\"SearchAction\",\"target\":{\"@type\":\"EntryPoint\",\"urlTemplate\":\"https:\/\/ordenacionessacerdotales.legionariosdecristo.org\/2023\/?s={search_term_string}\"},\"query-input\":\"required name=search_term_string\"}],\"inLanguage\":\"es\"},{\"@type\":\"Organization\",\"@id\":\"https:\/\/ordenacionessacerdotales.legionariosdecristo.org\/2023\/#organization\",\"name\":\"Regnum Christi Legionarios de Cristo\",\"url\":\"https:\/\/ordenacionessacerdotales.legionariosdecristo.org\/2023\/\",\"logo\":{\"@type\":\"ImageObject\",\"inLanguage\":\"es\",\"@id\":\"https:\/\/ordenacionessacerdotales.legionariosdecristo.org\/2023\/#\/schema\/logo\/image\/\",\"url\":\"https:\/\/ordenacionessacerdotales.legionariosdecristo.org\/2023\/wp-content\/uploads\/2022\/03\/RCLC_Linea_Horizontal_esp300x66.png\",\"contentUrl\":\"https:\/\/ordenacionessacerdotales.legionariosdecristo.org\/2023\/wp-content\/uploads\/2022\/03\/RCLC_Linea_Horizontal_esp300x66.png\",\"width\":300,\"height\":66,\"caption\":\"Regnum Christi Legionarios de Cristo\"},\"image\":{\"@id\":\"https:\/\/ordenacionessacerdotales.legionariosdecristo.org\/2023\/#\/schema\/logo\/image\/\"}},{\"@type\":\"Person\",\"@id\":\"https:\/\/ordenacionessacerdotales.legionariosdecristo.org\/2023\/#\/schema\/person\/fee700e77edbe6c1214ff716e92f252d\",\"name\":\"admin\",\"image\":{\"@type\":\"ImageObject\",\"inLanguage\":\"es\",\"@id\":\"https:\/\/ordenacionessacerdotales.legionariosdecristo.org\/2023\/#\/schema\/person\/image\/\",\"url\":\"https:\/\/secure.gravatar.com\/avatar\/8b03a04340e969a6ee26ae7729e8fb6246c81913252df298b9d49a9aa78e0d70?s=96&d=mm&r=g\",\"contentUrl\":\"https:\/\/secure.gravatar.com\/avatar\/8b03a04340e969a6ee26ae7729e8fb6246c81913252df298b9d49a9aa78e0d70?s=96&d=mm&r=g\",\"caption\":\"admin\"},\"sameAs\":[\"https:\/\/ordenacionessacerdotales.legionariosdecristo.org\/2023\"],\"url\":\"https:\/\/ordenacionessacerdotales.legionariosdecristo.org\/2023\/author\/admingrw\/\"}]}<\/script>\n<!-- \/ Yoast SEO plugin. -->","yoast_head_json":{"title":"Pablo Lorenzo-Penalva, LC - Ordenaciones Sacerdotales","robots":{"index":"index","follow":"follow","max-snippet":"max-snippet:-1","max-image-preview":"max-image-preview:large","max-video-preview":"max-video-preview:-1"},"canonical":"https:\/\/ordenacionessacerdotales.legionariosdecristo.org\/2023\/pablo-lorenzo-penalva-lc\/","og_locale":"es_MX","og_type":"article","og_title":"Pablo Lorenzo-Penalva, LC - Ordenaciones Sacerdotales","og_description":"Mi curr\u00edculum: El P. Pablo fue alumno desde la primaria, del colegio Real Monasterio de Santa Isabel. Uno de los dos colegios que el Regnum Christi tiene en Barcelona. Tambi\u00e9n fue miembro de las cuatro etapas del ECYD y en el 2005 hizo su adhesi\u00f3n al Regnum Christi. Despu\u00e9s de terminar el colegio (2008) ingres\u00f3 &hellip; Pablo Lorenzo-Penalva, LC Read More \u00bb","og_url":"https:\/\/ordenacionessacerdotales.legionariosdecristo.org\/2023\/pablo-lorenzo-penalva-lc\/","og_site_name":"Ordenaciones Sacerdotales","article_published_time":"2023-02-13T16:53:36+00:00","article_modified_time":"2023-02-21T18:58:01+00:00","og_image":[{"url":"https:\/\/ordenacionessacerdotales.legionariosdecristo.org\/2023\/wp-content\/uploads\/2023\/02\/Pablo-Lorenzo-Penalva.jpg"}],"author":"admin","twitter_card":"summary_large_image","twitter_misc":{"Escrito por":"admin","Tiempo de lectura":"4 minutos"},"schema":{"@context":"https:\/\/schema.org","@graph":[{"@type":"Article","@id":"https:\/\/ordenacionessacerdotales.legionariosdecristo.org\/2023\/pablo-lorenzo-penalva-lc\/#article","isPartOf":{"@id":"https:\/\/ordenacionessacerdotales.legionariosdecristo.org\/2023\/pablo-lorenzo-penalva-lc\/"},"author":{"name":"admin","@id":"https:\/\/ordenacionessacerdotales.legionariosdecristo.org\/2023\/#\/schema\/person\/fee700e77edbe6c1214ff716e92f252d"},"headline":"Pablo Lorenzo-Penalva, LC","datePublished":"2023-02-13T16:53:36+00:00","dateModified":"2023-02-21T18:58:01+00:00","mainEntityOfPage":{"@id":"https:\/\/ordenacionessacerdotales.legionariosdecristo.org\/2023\/pablo-lorenzo-penalva-lc\/"},"wordCount":755,"publisher":{"@id":"https:\/\/ordenacionessacerdotales.legionariosdecristo.org\/2023\/#organization"},"articleSection":["Ordenandos 2023","Testimonios"],"inLanguage":"es"},{"@type":"WebPage","@id":"https:\/\/ordenacionessacerdotales.legionariosdecristo.org\/2023\/pablo-lorenzo-penalva-lc\/","url":"https:\/\/ordenacionessacerdotales.legionariosdecristo.org\/2023\/pablo-lorenzo-penalva-lc\/","name":"Pablo Lorenzo-Penalva, LC - Ordenaciones Sacerdotales","isPartOf":{"@id":"https:\/\/ordenacionessacerdotales.legionariosdecristo.org\/2023\/#website"},"datePublished":"2023-02-13T16:53:36+00:00","dateModified":"2023-02-21T18:58:01+00:00","breadcrumb":{"@id":"https:\/\/ordenacionessacerdotales.legionariosdecristo.org\/2023\/pablo-lorenzo-penalva-lc\/#breadcrumb"},"inLanguage":"es","potentialAction":[{"@type":"ReadAction","target":["https:\/\/ordenacionessacerdotales.legionariosdecristo.org\/2023\/pablo-lorenzo-penalva-lc\/"]}]},{"@type":"BreadcrumbList","@id":"https:\/\/ordenacionessacerdotales.legionariosdecristo.org\/2023\/pablo-lorenzo-penalva-lc\/#breadcrumb","itemListElement":[{"@type":"ListItem","position":1,"name":"Inicio","item":"https:\/\/ordenacionessacerdotales.legionariosdecristo.org\/2023\/"},{"@type":"ListItem","position":2,"name":"Pablo Lorenzo-Penalva, LC"}]},{"@type":"WebSite","@id":"https:\/\/ordenacionessacerdotales.legionariosdecristo.org\/2023\/#website","url":"https:\/\/ordenacionessacerdotales.legionariosdecristo.org\/2023\/","name":"Ordenaciones Sacerdotales","description":"Roma 2023","publisher":{"@id":"https:\/\/ordenacionessacerdotales.legionariosdecristo.org\/2023\/#organization"},"potentialAction":[{"@type":"SearchAction","target":{"@type":"EntryPoint","urlTemplate":"https:\/\/ordenacionessacerdotales.legionariosdecristo.org\/2023\/?s={search_term_string}"},"query-input":"required name=search_term_string"}],"inLanguage":"es"},{"@type":"Organization","@id":"https:\/\/ordenacionessacerdotales.legionariosdecristo.org\/2023\/#organization","name":"Regnum Christi Legionarios de Cristo","url":"https:\/\/ordenacionessacerdotales.legionariosdecristo.org\/2023\/","logo":{"@type":"ImageObject","inLanguage":"es","@id":"https:\/\/ordenacionessacerdotales.legionariosdecristo.org\/2023\/#\/schema\/logo\/image\/","url":"https:\/\/ordenacionessacerdotales.legionariosdecristo.org\/2023\/wp-content\/uploads\/2022\/03\/RCLC_Linea_Horizontal_esp300x66.png","contentUrl":"https:\/\/ordenacionessacerdotales.legionariosdecristo.org\/2023\/wp-content\/uploads\/2022\/03\/RCLC_Linea_Horizontal_esp300x66.png","width":300,"height":66,"caption":"Regnum Christi Legionarios de Cristo"},"image":{"@id":"https:\/\/ordenacionessacerdotales.legionariosdecristo.org\/2023\/#\/schema\/logo\/image\/"}},{"@type":"Person","@id":"https:\/\/ordenacionessacerdotales.legionariosdecristo.org\/2023\/#\/schema\/person\/fee700e77edbe6c1214ff716e92f252d","name":"admin","image":{"@type":"ImageObject","inLanguage":"es","@id":"https:\/\/ordenacionessacerdotales.legionariosdecristo.org\/2023\/#\/schema\/person\/image\/","url":"https:\/\/secure.gravatar.com\/avatar\/8b03a04340e969a6ee26ae7729e8fb6246c81913252df298b9d49a9aa78e0d70?s=96&d=mm&r=g","contentUrl":"https:\/\/secure.gravatar.com\/avatar\/8b03a04340e969a6ee26ae7729e8fb6246c81913252df298b9d49a9aa78e0d70?s=96&d=mm&r=g","caption":"admin"},"sameAs":["https:\/\/ordenacionessacerdotales.legionariosdecristo.org\/2023"],"url":"https:\/\/ordenacionessacerdotales.legionariosdecristo.org\/2023\/author\/admingrw\/"}]}},"_links":{"self":[{"href":"https:\/\/ordenacionessacerdotales.legionariosdecristo.org\/2023\/wp-json\/wp\/v2\/posts\/1407","targetHints":{"allow":["GET"]}}],"collection":[{"href":"https:\/\/ordenacionessacerdotales.legionariosdecristo.org\/2023\/wp-json\/wp\/v2\/posts"}],"about":[{"href":"https:\/\/ordenacionessacerdotales.legionariosdecristo.org\/2023\/wp-json\/wp\/v2\/types\/post"}],"author":[{"embeddable":true,"href":"https:\/\/ordenacionessacerdotales.legionariosdecristo.org\/2023\/wp-json\/wp\/v2\/users\/1"}],"replies":[{"embeddable":true,"href":"https:\/\/ordenacionessacerdotales.legionariosdecristo.org\/2023\/wp-json\/wp\/v2\/comments?post=1407"}],"version-history":[{"count":7,"href":"https:\/\/ordenacionessacerdotales.legionariosdecristo.org\/2023\/wp-json\/wp\/v2\/posts\/1407\/revisions"}],"predecessor-version":[{"id":1419,"href":"https:\/\/ordenacionessacerdotales.legionariosdecristo.org\/2023\/wp-json\/wp\/v2\/posts\/1407\/revisions\/1419"}],"wp:attachment":[{"href":"https:\/\/ordenacionessacerdotales.legionariosdecristo.org\/2023\/wp-json\/wp\/v2\/media?parent=1407"}],"wp:term":[{"taxonomy":"category","embeddable":true,"href":"https:\/\/ordenacionessacerdotales.legionariosdecristo.org\/2023\/wp-json\/wp\/v2\/categories?post=1407"},{"taxonomy":"post_tag","embeddable":true,"href":"https:\/\/ordenacionessacerdotales.legionariosdecristo.org\/2023\/wp-json\/wp\/v2\/tags?post=1407"}],"curies":[{"name":"wp","href":"https:\/\/api.w.org\/{rel}","templated":true}]}}